{"id":45740,"date":"2024-04-15T09:27:44","date_gmt":"2024-04-15T07:27:44","guid":{"rendered":"https:\/\/www.landbouwvakdagen.nl\/west-nederland\/?p=45740"},"modified":"2024-04-15T09:27:44","modified_gmt":"2024-04-15T07:27:44","slug":"crv","status":"publish","type":"post","link":"https:\/\/www.landbouwvakdagen.nl\/west-nederland\/crv\/","title":{"rendered":"CRV"},"content":{"rendered":"<p>Welkom bij CRV<br \/>\nAl vanaf 1874 geloven wij dat betere koeien leiden tot een beter leven voor veehouders, hun veestapel en de omgeving om hen heen. Samen met onze bijna 23.000 leden-veehouders werken wij nog steeds elke dag aan het verbeteren van veestapels over de hele wereld. Dit doen wij door het leveren van topgenetica, slimme fokkerijmanagementoplossingen en persoonlijk veestapeladvies. Een perfecte balans tussen gezonde en effici\u00ebnte koeien is daarbij ons uitgangspunt, want hoe gezonder een koe, hoe effici\u00ebnter zij produceert. Niet voor niets zijn wij daarom wereldwijd koploper in gezondheid en effici\u00ebntie. En daar zijn we best trots op. Niet voor niets is ons motto dan ook: Better cows &gt; Better life!<\/p>\n","protected":false},"excerpt":{"rendered":"<p>Welkom bij CRV Al vanaf 1874 geloven wij dat betere koeien leiden tot een beter leven voor veehouders, hun veestapel en de omgeving om hen heen. Samen met onze bijna 23.000 leden-veehouders werken wij nog steeds elke dag aan het verbeteren van veestapels over de hele wereld. Dit doen wij door het leveren van topgenetica, [&hellip;]<\/p>\n","protected":false},"author":1,"featured_media":45741,"comment_status":"open","ping_status":"closed","sticky":false,"template":"","format":"standard","meta":{"site-sidebar-layout":"default","site-content-layout":"","ast-site-content-layout":"default","site-content-style":"default","site-sidebar-style":"default","ast-global-header-display":"","ast-banner-title-visibility":"","ast-main-header-display":"","ast-hfb-above-header-display":"","ast-hfb-below-header-display":"","ast-hfb-mobile-header-display":"","site-post-title":"","ast-breadcrumbs-content":"","ast-featured-img":"","footer-sml-layout":"","ast-disable-related-posts":"","theme-transparent-header-meta":"default","adv-header-id-meta":"","stick-header-meta":"","header-above-stick-meta":"","header-main-stick-meta":"","header-below-stick-meta":"","astra-migrate-meta-layouts":"set","ast-page-background-enabled":"default","ast-page-background-meta":{"desktop":{"background-color":"","background-image":"","background-repeat":"repeat","background-position":"center center","background-size":"auto","background-attachment":"scroll","background-type":"","background-media":"","overlay-type":"","overlay-color":"","overlay-opacity":"","overlay-gradient":""},"tablet":{"background-color":"","background-image":"","background-repeat":"repeat","background-position":"center center","background-size":"auto","background-attachment":"scroll","background-type":"","background-media":"","overlay-type":"","overlay-color":"","overlay-opacity":"","overlay-gradient":""},"mobile":{"background-color":"","background-image":"","background-repeat":"repeat","background-position":"center center","background-size":"auto","background-attachment":"scroll","background-type":"","background-media":"","overlay-type":"","overlay-color":"","overlay-opacity":"","overlay-gradient":""}},"ast-content-background-meta":{"desktop":{"background-color":"var(--ast-global-color-5)","background-image":"","background-repeat":"repeat","background-position":"center center","background-size":"auto","background-attachment":"scroll","background-type":"","background-media":"","overlay-type":"","overlay-color":"","overlay-opacity":"","overlay-gradient":""},"tablet":{"background-color":"var(--ast-global-color-5)","background-image":"","background-repeat":"repeat","background-position":"center center","background-size":"auto","background-attachment":"scroll","background-type":"","background-media":"","overlay-type":"","overlay-color":"","overlay-opacity":"","overlay-gradient":""},"mobile":{"background-color":"var(--ast-global-color-5)","background-image":"","background-repeat":"repeat","background-position":"center center","background-size":"auto","background-attachment":"scroll","background-type":"","background-media":"","overlay-type":"","overlay-color":"","overlay-opacity":"","overlay-gradient":""}},"footnotes":""},"categories":[195],"tags":[],"class_list":["post-45740","post","type-post","status-publish","format-standard","has-post-thumbnail","hentry","category-195"],"yoast_head":"<!-- This site is optimized with the Yoast SEO plugin v26.6 - https:\/\/yoast.com\/wordpress\/plugins\/seo\/ -->\n<title>CRV - Landbouwvakdagen West-Nederland<\/title>\n<meta name=\"description\" content=\"Al vanaf 1874 geloven wij dat betere koeien leiden tot een beter leven voor veehouders, hun veestapel en de omgeving om hen heen. Samen met onze bijna 23.000 leden-veehouders werken wij nog steeds elke dag aan het verbeteren van veestapels over de hele wereld. Dit doen wij door het leveren van topgenetica, slimme fokkerijmanagementoplossingen en persoonlijk veestapeladvies. Een perfecte balans tussen gezonde en effici\u00ebnte koeien is daarbij ons uitgangspunt, want hoe gezonder een koe, hoe effici\u00ebnter zij produceert. Niet voor niets zijn wij daarom wereldwijd koploper in gezondheid en effici\u00ebntie. En daar zijn we best trots op. Niet voor niets is ons motto dan ook: Better cows &gt; Better life!\" \/>\n<meta name=\"robots\" content=\"noindex, follow\" \/>\n<meta property=\"og:locale\" content=\"nl_NL\" \/>\n<meta property=\"og:type\" content=\"article\" \/>\n<meta property=\"og:title\" content=\"CRV - Landbouwvakdagen West-Nederland\" \/>\n<meta property=\"og:description\" content=\"Al vanaf 1874 geloven wij dat betere koeien leiden tot een beter leven voor veehouders, hun veestapel en de omgeving om hen heen. Samen met onze bijna 23.000 leden-veehouders werken wij nog steeds elke dag aan het verbeteren van veestapels over de hele wereld. Dit doen wij door het leveren van topgenetica, slimme fokkerijmanagementoplossingen en persoonlijk veestapeladvies. Een perfecte balans tussen gezonde en effici\u00ebnte koeien is daarbij ons uitgangspunt, want hoe gezonder een koe, hoe effici\u00ebnter zij produceert. Niet voor niets zijn wij daarom wereldwijd koploper in gezondheid en effici\u00ebntie. En daar zijn we best trots op. Niet voor niets is ons motto dan ook: Better cows &gt; Better life!\" \/>\n<meta property=\"og:url\" content=\"https:\/\/www.landbouwvakdagen.nl\/west-nederland\/crv\/\" \/>\n<meta property=\"og:site_name\" content=\"Landbouwvakdagen West-Nederland\" \/>\n<meta property=\"article:publisher\" content=\"https:\/\/www.facebook.com\/Landbouwvakdagen\/\" \/>\n<meta property=\"article:published_time\" content=\"2024-04-15T07:27:44+00:00\" \/>\n<meta property=\"og:image\" content=\"https:\/\/www.landbouwvakdagen.nl\/west-nederland\/wp-content\/uploads\/2024\/04\/CRV-groot.png\" \/>\n\t<meta property=\"og:image:width\" content=\"750\" \/>\n\t<meta property=\"og:image:height\" content=\"411\" \/>\n\t<meta property=\"og:image:type\" content=\"image\/png\" \/>\n<meta name=\"author\" content=\"admin\" \/>\n<meta name=\"twitter:card\" content=\"summary_large_image\" \/>\n<meta name=\"twitter:label1\" content=\"Geschreven door\" \/>\n\t<meta name=\"twitter:data1\" content=\"admin\" \/>\n\t<meta name=\"twitter:label2\" content=\"Geschatte leestijd\" \/>\n\t<meta name=\"twitter:data2\" content=\"1 minuut\" \/>\n<script type=\"application\/ld+json\" class=\"yoast-schema-graph\">{\"@context\":\"https:\/\/schema.org\",\"@graph\":[{\"@type\":\"Article\",\"@id\":\"https:\/\/www.landbouwvakdagen.nl\/west-nederland\/crv\/#article\",\"isPartOf\":{\"@id\":\"https:\/\/www.landbouwvakdagen.nl\/west-nederland\/crv\/\"},\"author\":{\"name\":\"admin\",\"@id\":\"https:\/\/www.landbouwvakdagen.nl\/west-nederland\/#\/schema\/person\/a9e52f9d2cea86da3f7834bd16e63141\"},\"headline\":\"CRV\",\"datePublished\":\"2024-04-15T07:27:44+00:00\",\"mainEntityOfPage\":{\"@id\":\"https:\/\/www.landbouwvakdagen.nl\/west-nederland\/crv\/\"},\"wordCount\":115,\"commentCount\":0,\"publisher\":{\"@id\":\"https:\/\/www.landbouwvakdagen.nl\/west-nederland\/#organization\"},\"image\":{\"@id\":\"https:\/\/www.landbouwvakdagen.nl\/west-nederland\/crv\/#primaryimage\"},\"thumbnailUrl\":\"https:\/\/www.landbouwvakdagen.nl\/west-nederland\/wp-content\/uploads\/2024\/04\/CRV-groot.png\",\"articleSection\":[\"2024\"],\"inLanguage\":\"nl-NL\",\"potentialAction\":[{\"@type\":\"CommentAction\",\"name\":\"Comment\",\"target\":[\"https:\/\/www.landbouwvakdagen.nl\/west-nederland\/crv\/#respond\"]}]},{\"@type\":\"WebPage\",\"@id\":\"https:\/\/www.landbouwvakdagen.nl\/west-nederland\/crv\/\",\"url\":\"https:\/\/www.landbouwvakdagen.nl\/west-nederland\/crv\/\",\"name\":\"CRV - Landbouwvakdagen West-Nederland\",\"isPartOf\":{\"@id\":\"https:\/\/www.landbouwvakdagen.nl\/west-nederland\/#website\"},\"primaryImageOfPage\":{\"@id\":\"https:\/\/www.landbouwvakdagen.nl\/west-nederland\/crv\/#primaryimage\"},\"image\":{\"@id\":\"https:\/\/www.landbouwvakdagen.nl\/west-nederland\/crv\/#primaryimage\"},\"thumbnailUrl\":\"https:\/\/www.landbouwvakdagen.nl\/west-nederland\/wp-content\/uploads\/2024\/04\/CRV-groot.png\",\"datePublished\":\"2024-04-15T07:27:44+00:00\",\"description\":\"Al vanaf 1874 geloven wij dat betere koeien leiden tot een beter leven voor veehouders, hun veestapel en de omgeving om hen heen. Samen met onze bijna 23.000 leden-veehouders werken wij nog steeds elke dag aan het verbeteren van veestapels over de hele wereld. Dit doen wij door het leveren van topgenetica, slimme fokkerijmanagementoplossingen en persoonlijk veestapeladvies. Een perfecte balans tussen gezonde en effici\u00ebnte koeien is daarbij ons uitgangspunt, want hoe gezonder een koe, hoe effici\u00ebnter zij produceert. Niet voor niets zijn wij daarom wereldwijd koploper in gezondheid en effici\u00ebntie. En daar zijn we best trots op. Niet voor niets is ons motto dan ook: Better cows > Better life!\",\"breadcrumb\":{\"@id\":\"https:\/\/www.landbouwvakdagen.nl\/west-nederland\/crv\/#breadcrumb\"},\"inLanguage\":\"nl-NL\",\"potentialAction\":[{\"@type\":\"ReadAction\",\"target\":[\"https:\/\/www.landbouwvakdagen.nl\/west-nederland\/crv\/\"]}]},{\"@type\":\"ImageObject\",\"inLanguage\":\"nl-NL\",\"@id\":\"https:\/\/www.landbouwvakdagen.nl\/west-nederland\/crv\/#primaryimage\",\"url\":\"https:\/\/www.landbouwvakdagen.nl\/west-nederland\/wp-content\/uploads\/2024\/04\/CRV-groot.png\",\"contentUrl\":\"https:\/\/www.landbouwvakdagen.nl\/west-nederland\/wp-content\/uploads\/2024\/04\/CRV-groot.png\",\"width\":750,\"height\":411,\"caption\":\"CRV Landbouwvakdagen\"},{\"@type\":\"BreadcrumbList\",\"@id\":\"https:\/\/www.landbouwvakdagen.nl\/west-nederland\/crv\/#breadcrumb\",\"itemListElement\":[{\"@type\":\"ListItem\",\"position\":1,\"name\":\"Home\",\"item\":\"https:\/\/www.landbouwvakdagen.nl\/west-nederland\/\"},{\"@type\":\"ListItem\",\"position\":2,\"name\":\"CRV\"}]},{\"@type\":\"WebSite\",\"@id\":\"https:\/\/www.landbouwvakdagen.nl\/west-nederland\/#website\",\"url\":\"https:\/\/www.landbouwvakdagen.nl\/west-nederland\/\",\"name\":\"Landbouwvakdagen West-Nederland\",\"description\":\"Een unieke formule in West-Nederland\",\"publisher\":{\"@id\":\"https:\/\/www.landbouwvakdagen.nl\/west-nederland\/#organization\"},\"potentialAction\":[{\"@type\":\"SearchAction\",\"target\":{\"@type\":\"EntryPoint\",\"urlTemplate\":\"https:\/\/www.landbouwvakdagen.nl\/west-nederland\/?s={search_term_string}\"},\"query-input\":{\"@type\":\"PropertyValueSpecification\",\"valueRequired\":true,\"valueName\":\"search_term_string\"}}],\"inLanguage\":\"nl-NL\"},{\"@type\":\"Organization\",\"@id\":\"https:\/\/www.landbouwvakdagen.nl\/west-nederland\/#organization\",\"name\":\"CNO-Expo\",\"url\":\"https:\/\/www.landbouwvakdagen.nl\/west-nederland\/\",\"logo\":{\"@type\":\"ImageObject\",\"inLanguage\":\"nl-NL\",\"@id\":\"https:\/\/www.landbouwvakdagen.nl\/west-nederland\/#\/schema\/logo\/image\/\",\"url\":\"https:\/\/www.landbouwvakdagen.nl\/west-nederland\/wp-content\/uploads\/2016\/12\/Cno-expo-logo@2x-100.jpg\",\"contentUrl\":\"https:\/\/www.landbouwvakdagen.nl\/west-nederland\/wp-content\/uploads\/2016\/12\/Cno-expo-logo@2x-100.jpg\",\"width\":1000,\"height\":1000,\"caption\":\"CNO-Expo\"},\"image\":{\"@id\":\"https:\/\/www.landbouwvakdagen.nl\/west-nederland\/#\/schema\/logo\/image\/\"},\"sameAs\":[\"https:\/\/www.facebook.com\/Landbouwvakdagen\/\"]},{\"@type\":\"Person\",\"@id\":\"https:\/\/www.landbouwvakdagen.nl\/west-nederland\/#\/schema\/person\/a9e52f9d2cea86da3f7834bd16e63141\",\"name\":\"admin\",\"image\":{\"@type\":\"ImageObject\",\"inLanguage\":\"nl-NL\",\"@id\":\"https:\/\/www.landbouwvakdagen.nl\/west-nederland\/#\/schema\/person\/image\/\",\"url\":\"https:\/\/www.landbouwvakdagen.nl\/west-nederland\/wp-content\/wphb-cache\/gravatar\/4f1\/4f1c9a7076ec3ec99546dc983ecbaa53x96.jpg\",\"contentUrl\":\"https:\/\/www.landbouwvakdagen.nl\/west-nederland\/wp-content\/wphb-cache\/gravatar\/4f1\/4f1c9a7076ec3ec99546dc983ecbaa53x96.jpg\",\"caption\":\"admin\"},\"url\":\"https:\/\/www.landbouwvakdagen.nl\/west-nederland\/author\/admin\/\"}]}<\/script>\n<!-- \/ Yoast SEO plugin. -->","yoast_head_json":{"title":"CRV - Landbouwvakdagen West-Nederland","description":"Al vanaf 1874 geloven wij dat betere koeien leiden tot een beter leven voor veehouders, hun veestapel en de omgeving om hen heen. Samen met onze bijna 23.000 leden-veehouders werken wij nog steeds elke dag aan het verbeteren van veestapels over de hele wereld. Dit doen wij door het leveren van topgenetica, slimme fokkerijmanagementoplossingen en persoonlijk veestapeladvies. Een perfecte balans tussen gezonde en effici\u00ebnte koeien is daarbij ons uitgangspunt, want hoe gezonder een koe, hoe effici\u00ebnter zij produceert. Niet voor niets zijn wij daarom wereldwijd koploper in gezondheid en effici\u00ebntie. En daar zijn we best trots op. Niet voor niets is ons motto dan ook: Better cows > Better life!","robots":{"index":"noindex","follow":"follow"},"og_locale":"nl_NL","og_type":"article","og_title":"CRV - Landbouwvakdagen West-Nederland","og_description":"Al vanaf 1874 geloven wij dat betere koeien leiden tot een beter leven voor veehouders, hun veestapel en de omgeving om hen heen. Samen met onze bijna 23.000 leden-veehouders werken wij nog steeds elke dag aan het verbeteren van veestapels over de hele wereld. Dit doen wij door het leveren van topgenetica, slimme fokkerijmanagementoplossingen en persoonlijk veestapeladvies. Een perfecte balans tussen gezonde en effici\u00ebnte koeien is daarbij ons uitgangspunt, want hoe gezonder een koe, hoe effici\u00ebnter zij produceert. Niet voor niets zijn wij daarom wereldwijd koploper in gezondheid en effici\u00ebntie. En daar zijn we best trots op. Niet voor niets is ons motto dan ook: Better cows > Better life!","og_url":"https:\/\/www.landbouwvakdagen.nl\/west-nederland\/crv\/","og_site_name":"Landbouwvakdagen West-Nederland","article_publisher":"https:\/\/www.facebook.com\/Landbouwvakdagen\/","article_published_time":"2024-04-15T07:27:44+00:00","og_image":[{"width":750,"height":411,"url":"https:\/\/www.landbouwvakdagen.nl\/west-nederland\/wp-content\/uploads\/2024\/04\/CRV-groot.png","type":"image\/png"}],"author":"admin","twitter_card":"summary_large_image","twitter_misc":{"Geschreven door":"admin","Geschatte leestijd":"1 minuut"},"schema":{"@context":"https:\/\/schema.org","@graph":[{"@type":"Article","@id":"https:\/\/www.landbouwvakdagen.nl\/west-nederland\/crv\/#article","isPartOf":{"@id":"https:\/\/www.landbouwvakdagen.nl\/west-nederland\/crv\/"},"author":{"name":"admin","@id":"https:\/\/www.landbouwvakdagen.nl\/west-nederland\/#\/schema\/person\/a9e52f9d2cea86da3f7834bd16e63141"},"headline":"CRV","datePublished":"2024-04-15T07:27:44+00:00","mainEntityOfPage":{"@id":"https:\/\/www.landbouwvakdagen.nl\/west-nederland\/crv\/"},"wordCount":115,"commentCount":0,"publisher":{"@id":"https:\/\/www.landbouwvakdagen.nl\/west-nederland\/#organization"},"image":{"@id":"https:\/\/www.landbouwvakdagen.nl\/west-nederland\/crv\/#primaryimage"},"thumbnailUrl":"https:\/\/www.landbouwvakdagen.nl\/west-nederland\/wp-content\/uploads\/2024\/04\/CRV-groot.png","articleSection":["2024"],"inLanguage":"nl-NL","potentialAction":[{"@type":"CommentAction","name":"Comment","target":["https:\/\/www.landbouwvakdagen.nl\/west-nederland\/crv\/#respond"]}]},{"@type":"WebPage","@id":"https:\/\/www.landbouwvakdagen.nl\/west-nederland\/crv\/","url":"https:\/\/www.landbouwvakdagen.nl\/west-nederland\/crv\/","name":"CRV - Landbouwvakdagen West-Nederland","isPartOf":{"@id":"https:\/\/www.landbouwvakdagen.nl\/west-nederland\/#website"},"primaryImageOfPage":{"@id":"https:\/\/www.landbouwvakdagen.nl\/west-nederland\/crv\/#primaryimage"},"image":{"@id":"https:\/\/www.landbouwvakdagen.nl\/west-nederland\/crv\/#primaryimage"},"thumbnailUrl":"https:\/\/www.landbouwvakdagen.nl\/west-nederland\/wp-content\/uploads\/2024\/04\/CRV-groot.png","datePublished":"2024-04-15T07:27:44+00:00","description":"Al vanaf 1874 geloven wij dat betere koeien leiden tot een beter leven voor veehouders, hun veestapel en de omgeving om hen heen. Samen met onze bijna 23.000 leden-veehouders werken wij nog steeds elke dag aan het verbeteren van veestapels over de hele wereld. Dit doen wij door het leveren van topgenetica, slimme fokkerijmanagementoplossingen en persoonlijk veestapeladvies. Een perfecte balans tussen gezonde en effici\u00ebnte koeien is daarbij ons uitgangspunt, want hoe gezonder een koe, hoe effici\u00ebnter zij produceert. Niet voor niets zijn wij daarom wereldwijd koploper in gezondheid en effici\u00ebntie. En daar zijn we best trots op. Niet voor niets is ons motto dan ook: Better cows > Better life!","breadcrumb":{"@id":"https:\/\/www.landbouwvakdagen.nl\/west-nederland\/crv\/#breadcrumb"},"inLanguage":"nl-NL","potentialAction":[{"@type":"ReadAction","target":["https:\/\/www.landbouwvakdagen.nl\/west-nederland\/crv\/"]}]},{"@type":"ImageObject","inLanguage":"nl-NL","@id":"https:\/\/www.landbouwvakdagen.nl\/west-nederland\/crv\/#primaryimage","url":"https:\/\/www.landbouwvakdagen.nl\/west-nederland\/wp-content\/uploads\/2024\/04\/CRV-groot.png","contentUrl":"https:\/\/www.landbouwvakdagen.nl\/west-nederland\/wp-content\/uploads\/2024\/04\/CRV-groot.png","width":750,"height":411,"caption":"CRV Landbouwvakdagen"},{"@type":"BreadcrumbList","@id":"https:\/\/www.landbouwvakdagen.nl\/west-nederland\/crv\/#breadcrumb","itemListElement":[{"@type":"ListItem","position":1,"name":"Home","item":"https:\/\/www.landbouwvakdagen.nl\/west-nederland\/"},{"@type":"ListItem","position":2,"name":"CRV"}]},{"@type":"WebSite","@id":"https:\/\/www.landbouwvakdagen.nl\/west-nederland\/#website","url":"https:\/\/www.landbouwvakdagen.nl\/west-nederland\/","name":"Landbouwvakdagen West-Nederland","description":"Een unieke formule in West-Nederland","publisher":{"@id":"https:\/\/www.landbouwvakdagen.nl\/west-nederland\/#organization"},"potentialAction":[{"@type":"SearchAction","target":{"@type":"EntryPoint","urlTemplate":"https:\/\/www.landbouwvakdagen.nl\/west-nederland\/?s={search_term_string}"},"query-input":{"@type":"PropertyValueSpecification","valueRequired":true,"valueName":"search_term_string"}}],"inLanguage":"nl-NL"},{"@type":"Organization","@id":"https:\/\/www.landbouwvakdagen.nl\/west-nederland\/#organization","name":"CNO-Expo","url":"https:\/\/www.landbouwvakdagen.nl\/west-nederland\/","logo":{"@type":"ImageObject","inLanguage":"nl-NL","@id":"https:\/\/www.landbouwvakdagen.nl\/west-nederland\/#\/schema\/logo\/image\/","url":"https:\/\/www.landbouwvakdagen.nl\/west-nederland\/wp-content\/uploads\/2016\/12\/Cno-expo-logo@2x-100.jpg","contentUrl":"https:\/\/www.landbouwvakdagen.nl\/west-nederland\/wp-content\/uploads\/2016\/12\/Cno-expo-logo@2x-100.jpg","width":1000,"height":1000,"caption":"CNO-Expo"},"image":{"@id":"https:\/\/www.landbouwvakdagen.nl\/west-nederland\/#\/schema\/logo\/image\/"},"sameAs":["https:\/\/www.facebook.com\/Landbouwvakdagen\/"]},{"@type":"Person","@id":"https:\/\/www.landbouwvakdagen.nl\/west-nederland\/#\/schema\/person\/a9e52f9d2cea86da3f7834bd16e63141","name":"admin","image":{"@type":"ImageObject","inLanguage":"nl-NL","@id":"https:\/\/www.landbouwvakdagen.nl\/west-nederland\/#\/schema\/person\/image\/","url":"https:\/\/www.landbouwvakdagen.nl\/west-nederland\/wp-content\/wphb-cache\/gravatar\/4f1\/4f1c9a7076ec3ec99546dc983ecbaa53x96.jpg","contentUrl":"https:\/\/www.landbouwvakdagen.nl\/west-nederland\/wp-content\/wphb-cache\/gravatar\/4f1\/4f1c9a7076ec3ec99546dc983ecbaa53x96.jpg","caption":"admin"},"url":"https:\/\/www.landbouwvakdagen.nl\/west-nederland\/author\/admin\/"}]}},"_links":{"self":[{"href":"https:\/\/www.landbouwvakdagen.nl\/west-nederland\/wp-json\/wp\/v2\/posts\/45740","targetHints":{"allow":["GET"]}}],"collection":[{"href":"https:\/\/www.landbouwvakdagen.nl\/west-nederland\/wp-json\/wp\/v2\/posts"}],"about":[{"href":"https:\/\/www.landbouwvakdagen.nl\/west-nederland\/wp-json\/wp\/v2\/types\/post"}],"author":[{"embeddable":true,"href":"https:\/\/www.landbouwvakdagen.nl\/west-nederland\/wp-json\/wp\/v2\/users\/1"}],"replies":[{"embeddable":true,"href":"https:\/\/www.landbouwvakdagen.nl\/west-nederland\/wp-json\/wp\/v2\/comments?post=45740"}],"version-history":[{"count":0,"href":"https:\/\/www.landbouwvakdagen.nl\/west-nederland\/wp-json\/wp\/v2\/posts\/45740\/revisions"}],"wp:featuredmedia":[{"embeddable":true,"href":"https:\/\/www.landbouwvakdagen.nl\/west-nederland\/wp-json\/wp\/v2\/media\/45741"}],"wp:attachment":[{"href":"https:\/\/www.landbouwvakdagen.nl\/west-nederland\/wp-json\/wp\/v2\/media?parent=45740"}],"wp:term":[{"taxonomy":"category","embeddable":true,"href":"https:\/\/www.landbouwvakdagen.nl\/west-nederland\/wp-json\/wp\/v2\/categories?post=45740"},{"taxonomy":"post_tag","embeddable":true,"href":"https:\/\/www.landbouwvakdagen.nl\/west-nederland\/wp-json\/wp\/v2\/tags?post=45740"}],"curies":[{"name":"wp","href":"https:\/\/api.w.org\/{rel}","templated":true}]}}